{"id":14391,"date":"2015-08-12T10:00:03","date_gmt":"2015-08-12T08:00:03","guid":{"rendered":"https:\/\/www.foto-shooting.ch\/blog\/?p=14391"},"modified":"2026-04-21T14:51:03","modified_gmt":"2026-04-21T12:51:03","slug":"fotoshooting-mit-petra-fotografin-fabienne","status":"publish","type":"post","link":"https:\/\/foto-shooting.ch\/blog\/fotoshooting-mit-petra-fotografin-fabienne\/","title":{"rendered":"Outdoor Fotoshooting  &#8211; Fotografin Fabienne"},"content":{"rendered":"<p>Kurz bevor Petra f\u00fcr ihr Outdoorshooting kam, fing es an zu regnen. Doch wir hatten Gl\u00fcck und es h\u00f6rte nach 10 Minuten wieder auf. Dank dem Wind war der See ziemlich aufgew\u00fchlt und bot eine sch\u00f6ne, dramatische Location.<\/p>\n<p><img loading=\"lazy\" decoding=\"async\" class=\"alignnone wp-image-14395 size-full\" src=\"https:\/\/www.foto-shooting.ch\/blog\/wp-content\/uploads\/2015\/08\/10-14391-post\/Fotoshooting_DSC1572.jpg\" alt=\"Fotoshooting_DSC1572\" width=\"1000\" height=\"671\" srcset=\"https:\/\/foto-shooting.ch\/blog\/wp-content\/uploads\/2015\/08\/10-14391-post\/Fotoshooting_DSC1572.jpg 1000w, https:\/\/foto-shooting.ch\/blog\/wp-content\/uploads\/2015\/08\/10-14391-post\/Fotoshooting_DSC1572-300x201.jpg 300w\" sizes=\"auto, (max-width: 1000px) 100vw, 1000px\" \/><img loading=\"lazy\" decoding=\"async\" class=\"alignnone wp-image-14394 size-full\" src=\"https:\/\/www.foto-shooting.ch\/blog\/wp-content\/uploads\/2015\/08\/10-14391-post\/Fotoshooting_DSC1545.jpg\" alt=\"Fotoshooting_DSC1545\" width=\"1000\" height=\"499\" srcset=\"https:\/\/foto-shooting.ch\/blog\/wp-content\/uploads\/2015\/08\/10-14391-post\/Fotoshooting_DSC1545.jpg 1000w, https:\/\/foto-shooting.ch\/blog\/wp-content\/uploads\/2015\/08\/10-14391-post\/Fotoshooting_DSC1545-300x150.jpg 300w\" sizes=\"auto, (max-width: 1000px) 100vw, 1000px\" \/><img loading=\"lazy\" decoding=\"async\" class=\"alignnone wp-image-14392 size-full\" src=\"https:\/\/www.foto-shooting.ch\/blog\/wp-content\/uploads\/2015\/08\/10-14391-post\/Fotoshooting_DSC1437.jpg\" alt=\"Fotoshooting_DSC1437\" width=\"1000\" height=\"499\" srcset=\"https:\/\/foto-shooting.ch\/blog\/wp-content\/uploads\/2015\/08\/10-14391-post\/Fotoshooting_DSC1437.jpg 1000w, https:\/\/foto-shooting.ch\/blog\/wp-content\/uploads\/2015\/08\/10-14391-post\/Fotoshooting_DSC1437-300x150.jpg 300w\" sizes=\"auto, (max-width: 1000px) 100vw, 1000px\" \/><img loading=\"lazy\" decoding=\"async\" class=\"alignnone wp-image-14393 size-full\" src=\"https:\/\/www.foto-shooting.ch\/blog\/wp-content\/uploads\/2015\/08\/10-14391-post\/Fotoshooting_DSC1482.jpg\" alt=\"Fotoshooting_DSC1482\" width=\"999\" height=\"1491\" srcset=\"https:\/\/foto-shooting.ch\/blog\/wp-content\/uploads\/2015\/08\/10-14391-post\/Fotoshooting_DSC1482.jpg 999w, https:\/\/foto-shooting.ch\/blog\/wp-content\/uploads\/2015\/08\/10-14391-post\/Fotoshooting_DSC1482-201x300.jpg 201w, https:\/\/foto-shooting.ch\/blog\/wp-content\/uploads\/2015\/08\/10-14391-post\/Fotoshooting_DSC1482-686x1024.jpg 686w\" sizes=\"auto, (max-width: 999px) 100vw, 999px\" \/><\/p>\n","protected":false},"excerpt":{"rendered":"<p>Kurz bevor Petra f\u00fcr ihr Outdoorshooting kam, fing es an zu regnen. Doch wir hatten Gl\u00fcck und es h\u00f6rte nach 10 Minuten wieder auf. Dank dem Wind war der See ziemlich aufgew\u00fchlt und bot eine sch\u00f6ne, dramatische Location.<\/p>\n","protected":false},"author":4,"featured_media":0,"comment_status":"open","ping_status":"open","sticky":false,"template":"","format":"standard","meta":{"footnotes":""},"categories":[664],"tags":[106,435,182,611,754,569,238],"class_list":["post-14391","post","type-post","status-publish","format-standard","hentry","category-fotoshootings","tag-fotografie","tag-fotografin","tag-fotos","tag-fotostudio-ostschweiz","tag-fotostudio-staad","tag-outdoorshooting","tag-peoplefotografie"],"yoast_head":"<!-- This site is optimized with the Yoast SEO plugin v27.0 - https:\/\/yoast.com\/product\/yoast-seo-wordpress\/ -->\n<title>Outdoor Fotoshooting - Fotografin Fabienne - Blog von Fotoshooting by Fotograf Peter Sturn Z\u00fcrich<\/title>\n<meta name=\"robots\" content=\"index, follow, max-snippet:-1, max-image-preview:large, max-video-preview:-1\" \/>\n<link rel=\"canonical\" href=\"https:\/\/foto-shooting.ch\/blog\/fotoshooting-mit-petra-fotografin-fabienne\/\" \/>\n<meta property=\"og:locale\" content=\"de_DE\" \/>\n<meta property=\"og:type\" content=\"article\" \/>\n<meta property=\"og:title\" content=\"Outdoor Fotoshooting - Fotografin Fabienne - Blog von Fotoshooting by Fotograf Peter Sturn Z\u00fcrich\" \/>\n<meta property=\"og:description\" content=\"Kurz bevor Petra f\u00fcr ihr Outdoorshooting kam, fing es an zu regnen. Doch wir hatten Gl\u00fcck und es h\u00f6rte nach 10 Minuten wieder auf. Dank dem Wind war der See ziemlich aufgew\u00fchlt und bot eine sch\u00f6ne, dramatische Location.\" \/>\n<meta property=\"og:url\" content=\"https:\/\/foto-shooting.ch\/blog\/fotoshooting-mit-petra-fotografin-fabienne\/\" \/>\n<meta property=\"og:site_name\" content=\"Blog von Fotoshooting by Fotograf Peter Sturn Z\u00fcrich\" \/>\n<meta property=\"article:publisher\" content=\"https:\/\/www.facebook.com\/fotoshooting.ch\" \/>\n<meta property=\"article:published_time\" content=\"2015-08-12T08:00:03+00:00\" \/>\n<meta property=\"article:modified_time\" content=\"2026-04-21T12:51:03+00:00\" \/>\n<meta property=\"og:image\" content=\"https:\/\/foto-shooting.ch\/blog\/wp-content\/uploads\/2015\/08\/10-14391-post\/Fotoshooting_DSC1572.jpg\" \/>\n\t<meta property=\"og:image:width\" content=\"1000\" \/>\n\t<meta property=\"og:image:height\" content=\"671\" \/>\n\t<meta property=\"og:image:type\" content=\"image\/jpeg\" \/>\n<meta name=\"author\" content=\"Fotograf Peter Sturn\" \/>\n<meta name=\"twitter:card\" content=\"summary_large_image\" \/>\n<meta name=\"twitter:label1\" content=\"Verfasst von\" \/>\n\t<meta name=\"twitter:data1\" content=\"Fotograf Peter Sturn\" \/>\n\t<meta name=\"twitter:label2\" content=\"Gesch\u00e4tzte Lesezeit\" \/>\n\t<meta name=\"twitter:data2\" content=\"2\u00a0Minuten\" \/>\n<script type=\"application\/ld+json\" class=\"yoast-schema-graph\">{\"@context\":\"https:\/\/schema.org\",\"@graph\":[{\"@type\":\"Article\",\"@id\":\"https:\/\/foto-shooting.ch\/blog\/fotoshooting-mit-petra-fotografin-fabienne\/#article\",\"isPartOf\":{\"@id\":\"https:\/\/foto-shooting.ch\/blog\/fotoshooting-mit-petra-fotografin-fabienne\/\"},\"author\":{\"name\":\"Fotograf Peter Sturn\",\"@id\":\"https:\/\/foto-shooting.ch\/blog\/#\/schema\/person\/623ccbc5b7a96dcaa77299a091324241\"},\"headline\":\"Outdoor Fotoshooting &#8211; Fotografin Fabienne\",\"datePublished\":\"2015-08-12T08:00:03+00:00\",\"dateModified\":\"2026-04-21T12:51:03+00:00\",\"mainEntityOfPage\":{\"@id\":\"https:\/\/foto-shooting.ch\/blog\/fotoshooting-mit-petra-fotografin-fabienne\/\"},\"wordCount\":47,\"commentCount\":0,\"publisher\":{\"@id\":\"https:\/\/foto-shooting.ch\/blog\/#organization\"},\"image\":{\"@id\":\"https:\/\/foto-shooting.ch\/blog\/fotoshooting-mit-petra-fotografin-fabienne\/#primaryimage\"},\"thumbnailUrl\":\"https:\/\/www.foto-shooting.ch\/blog\/wp-content\/uploads\/2015\/08\/10-14391-post\/Fotoshooting_DSC1572.jpg\",\"keywords\":[\"Fotografie\",\"Fotografin\",\"Fotos\",\"Fotostudio Ostschweiz\",\"Fotostudio Staad\",\"Outdoorshooting\",\"Peoplefotografie\"],\"articleSection\":[\"Fotoshooting Fotos\"],\"inLanguage\":\"de\",\"potentialAction\":[{\"@type\":\"CommentAction\",\"name\":\"Comment\",\"target\":[\"https:\/\/foto-shooting.ch\/blog\/fotoshooting-mit-petra-fotografin-fabienne\/#respond\"]}]},{\"@type\":\"WebPage\",\"@id\":\"https:\/\/foto-shooting.ch\/blog\/fotoshooting-mit-petra-fotografin-fabienne\/\",\"url\":\"https:\/\/foto-shooting.ch\/blog\/fotoshooting-mit-petra-fotografin-fabienne\/\",\"name\":\"Outdoor Fotoshooting - Fotografin Fabienne - Blog von Fotoshooting by Fotograf Peter Sturn Z\u00fcrich\",\"isPartOf\":{\"@id\":\"https:\/\/foto-shooting.ch\/blog\/#website\"},\"primaryImageOfPage\":{\"@id\":\"https:\/\/foto-shooting.ch\/blog\/fotoshooting-mit-petra-fotografin-fabienne\/#primaryimage\"},\"image\":{\"@id\":\"https:\/\/foto-shooting.ch\/blog\/fotoshooting-mit-petra-fotografin-fabienne\/#primaryimage\"},\"thumbnailUrl\":\"https:\/\/www.foto-shooting.ch\/blog\/wp-content\/uploads\/2015\/08\/10-14391-post\/Fotoshooting_DSC1572.jpg\",\"datePublished\":\"2015-08-12T08:00:03+00:00\",\"dateModified\":\"2026-04-21T12:51:03+00:00\",\"inLanguage\":\"de\",\"potentialAction\":[{\"@type\":\"ReadAction\",\"target\":[\"https:\/\/foto-shooting.ch\/blog\/fotoshooting-mit-petra-fotografin-fabienne\/\"]}]},{\"@type\":\"ImageObject\",\"inLanguage\":\"de\",\"@id\":\"https:\/\/foto-shooting.ch\/blog\/fotoshooting-mit-petra-fotografin-fabienne\/#primaryimage\",\"url\":\"https:\/\/www.foto-shooting.ch\/blog\/wp-content\/uploads\/2015\/08\/10-14391-post\/Fotoshooting_DSC1572.jpg\",\"contentUrl\":\"https:\/\/www.foto-shooting.ch\/blog\/wp-content\/uploads\/2015\/08\/10-14391-post\/Fotoshooting_DSC1572.jpg\"},{\"@type\":\"WebSite\",\"@id\":\"https:\/\/foto-shooting.ch\/blog\/#website\",\"url\":\"https:\/\/foto-shooting.ch\/blog\/\",\"name\":\"Blog von Fotoshooting by Fotograf Peter Sturn Z\u00fcrich\",\"description\":\"Fotoshooting mit Fotograf Peter Sturn. Professionelle Fotografie f\u00fcr die Schweiz\",\"publisher\":{\"@id\":\"https:\/\/foto-shooting.ch\/blog\/#organization\"},\"potentialAction\":[{\"@type\":\"SearchAction\",\"target\":{\"@type\":\"EntryPoint\",\"urlTemplate\":\"https:\/\/foto-shooting.ch\/blog\/?s={search_term_string}\"},\"query-input\":{\"@type\":\"PropertyValueSpecification\",\"valueRequired\":true,\"valueName\":\"search_term_string\"}}],\"inLanguage\":\"de\"},{\"@type\":\"Organization\",\"@id\":\"https:\/\/foto-shooting.ch\/blog\/#organization\",\"name\":\"Fotostudio Fotoshooting by Fotograf Peter Sturn\",\"url\":\"https:\/\/foto-shooting.ch\/blog\/\",\"logo\":{\"@type\":\"ImageObject\",\"inLanguage\":\"de\",\"@id\":\"https:\/\/foto-shooting.ch\/blog\/#\/schema\/logo\/image\/\",\"url\":\"https:\/\/foto-shooting.ch\/blog\/wp-content\/uploads\/2021\/11\/logo_fotoshooting_fin-1.jpg\",\"contentUrl\":\"https:\/\/foto-shooting.ch\/blog\/wp-content\/uploads\/2021\/11\/logo_fotoshooting_fin-1.jpg\",\"width\":1443,\"height\":296,\"caption\":\"Fotostudio Fotoshooting by Fotograf Peter Sturn\"},\"image\":{\"@id\":\"https:\/\/foto-shooting.ch\/blog\/#\/schema\/logo\/image\/\"},\"sameAs\":[\"https:\/\/www.facebook.com\/fotoshooting.ch\"]},{\"@type\":\"Person\",\"@id\":\"https:\/\/foto-shooting.ch\/blog\/#\/schema\/person\/623ccbc5b7a96dcaa77299a091324241\",\"name\":\"Fotograf Peter Sturn\",\"url\":\"https:\/\/foto-shooting.ch\/blog\/author\/psturn\/\"}]}<\/script>\n<!-- \/ Yoast SEO plugin. -->","yoast_head_json":{"title":"Outdoor Fotoshooting - Fotografin Fabienne - Blog von Fotoshooting by Fotograf Peter Sturn Z\u00fcrich","robots":{"index":"index","follow":"follow","max-snippet":"max-snippet:-1","max-image-preview":"max-image-preview:large","max-video-preview":"max-video-preview:-1"},"canonical":"https:\/\/foto-shooting.ch\/blog\/fotoshooting-mit-petra-fotografin-fabienne\/","og_locale":"de_DE","og_type":"article","og_title":"Outdoor Fotoshooting - Fotografin Fabienne - Blog von Fotoshooting by Fotograf Peter Sturn Z\u00fcrich","og_description":"Kurz bevor Petra f\u00fcr ihr Outdoorshooting kam, fing es an zu regnen. Doch wir hatten Gl\u00fcck und es h\u00f6rte nach 10 Minuten wieder auf. Dank dem Wind war der See ziemlich aufgew\u00fchlt und bot eine sch\u00f6ne, dramatische Location.","og_url":"https:\/\/foto-shooting.ch\/blog\/fotoshooting-mit-petra-fotografin-fabienne\/","og_site_name":"Blog von Fotoshooting by Fotograf Peter Sturn Z\u00fcrich","article_publisher":"https:\/\/www.facebook.com\/fotoshooting.ch","article_published_time":"2015-08-12T08:00:03+00:00","article_modified_time":"2026-04-21T12:51:03+00:00","og_image":[{"width":1000,"height":671,"url":"https:\/\/foto-shooting.ch\/blog\/wp-content\/uploads\/2015\/08\/10-14391-post\/Fotoshooting_DSC1572.jpg","type":"image\/jpeg"}],"author":"Fotograf Peter Sturn","twitter_card":"summary_large_image","twitter_misc":{"Verfasst von":"Fotograf Peter Sturn","Gesch\u00e4tzte Lesezeit":"2\u00a0Minuten"},"schema":{"@context":"https:\/\/schema.org","@graph":[{"@type":"Article","@id":"https:\/\/foto-shooting.ch\/blog\/fotoshooting-mit-petra-fotografin-fabienne\/#article","isPartOf":{"@id":"https:\/\/foto-shooting.ch\/blog\/fotoshooting-mit-petra-fotografin-fabienne\/"},"author":{"name":"Fotograf Peter Sturn","@id":"https:\/\/foto-shooting.ch\/blog\/#\/schema\/person\/623ccbc5b7a96dcaa77299a091324241"},"headline":"Outdoor Fotoshooting &#8211; Fotografin Fabienne","datePublished":"2015-08-12T08:00:03+00:00","dateModified":"2026-04-21T12:51:03+00:00","mainEntityOfPage":{"@id":"https:\/\/foto-shooting.ch\/blog\/fotoshooting-mit-petra-fotografin-fabienne\/"},"wordCount":47,"commentCount":0,"publisher":{"@id":"https:\/\/foto-shooting.ch\/blog\/#organization"},"image":{"@id":"https:\/\/foto-shooting.ch\/blog\/fotoshooting-mit-petra-fotografin-fabienne\/#primaryimage"},"thumbnailUrl":"https:\/\/www.foto-shooting.ch\/blog\/wp-content\/uploads\/2015\/08\/10-14391-post\/Fotoshooting_DSC1572.jpg","keywords":["Fotografie","Fotografin","Fotos","Fotostudio Ostschweiz","Fotostudio Staad","Outdoorshooting","Peoplefotografie"],"articleSection":["Fotoshooting Fotos"],"inLanguage":"de","potentialAction":[{"@type":"CommentAction","name":"Comment","target":["https:\/\/foto-shooting.ch\/blog\/fotoshooting-mit-petra-fotografin-fabienne\/#respond"]}]},{"@type":"WebPage","@id":"https:\/\/foto-shooting.ch\/blog\/fotoshooting-mit-petra-fotografin-fabienne\/","url":"https:\/\/foto-shooting.ch\/blog\/fotoshooting-mit-petra-fotografin-fabienne\/","name":"Outdoor Fotoshooting - Fotografin Fabienne - Blog von Fotoshooting by Fotograf Peter Sturn Z\u00fcrich","isPartOf":{"@id":"https:\/\/foto-shooting.ch\/blog\/#website"},"primaryImageOfPage":{"@id":"https:\/\/foto-shooting.ch\/blog\/fotoshooting-mit-petra-fotografin-fabienne\/#primaryimage"},"image":{"@id":"https:\/\/foto-shooting.ch\/blog\/fotoshooting-mit-petra-fotografin-fabienne\/#primaryimage"},"thumbnailUrl":"https:\/\/www.foto-shooting.ch\/blog\/wp-content\/uploads\/2015\/08\/10-14391-post\/Fotoshooting_DSC1572.jpg","datePublished":"2015-08-12T08:00:03+00:00","dateModified":"2026-04-21T12:51:03+00:00","inLanguage":"de","potentialAction":[{"@type":"ReadAction","target":["https:\/\/foto-shooting.ch\/blog\/fotoshooting-mit-petra-fotografin-fabienne\/"]}]},{"@type":"ImageObject","inLanguage":"de","@id":"https:\/\/foto-shooting.ch\/blog\/fotoshooting-mit-petra-fotografin-fabienne\/#primaryimage","url":"https:\/\/www.foto-shooting.ch\/blog\/wp-content\/uploads\/2015\/08\/10-14391-post\/Fotoshooting_DSC1572.jpg","contentUrl":"https:\/\/www.foto-shooting.ch\/blog\/wp-content\/uploads\/2015\/08\/10-14391-post\/Fotoshooting_DSC1572.jpg"},{"@type":"WebSite","@id":"https:\/\/foto-shooting.ch\/blog\/#website","url":"https:\/\/foto-shooting.ch\/blog\/","name":"Blog von Fotoshooting by Fotograf Peter Sturn Z\u00fcrich","description":"Fotoshooting mit Fotograf Peter Sturn. Professionelle Fotografie f\u00fcr die Schweiz","publisher":{"@id":"https:\/\/foto-shooting.ch\/blog\/#organization"},"potentialAction":[{"@type":"SearchAction","target":{"@type":"EntryPoint","urlTemplate":"https:\/\/foto-shooting.ch\/blog\/?s={search_term_string}"},"query-input":{"@type":"PropertyValueSpecification","valueRequired":true,"valueName":"search_term_string"}}],"inLanguage":"de"},{"@type":"Organization","@id":"https:\/\/foto-shooting.ch\/blog\/#organization","name":"Fotostudio Fotoshooting by Fotograf Peter Sturn","url":"https:\/\/foto-shooting.ch\/blog\/","logo":{"@type":"ImageObject","inLanguage":"de","@id":"https:\/\/foto-shooting.ch\/blog\/#\/schema\/logo\/image\/","url":"https:\/\/foto-shooting.ch\/blog\/wp-content\/uploads\/2021\/11\/logo_fotoshooting_fin-1.jpg","contentUrl":"https:\/\/foto-shooting.ch\/blog\/wp-content\/uploads\/2021\/11\/logo_fotoshooting_fin-1.jpg","width":1443,"height":296,"caption":"Fotostudio Fotoshooting by Fotograf Peter Sturn"},"image":{"@id":"https:\/\/foto-shooting.ch\/blog\/#\/schema\/logo\/image\/"},"sameAs":["https:\/\/www.facebook.com\/fotoshooting.ch"]},{"@type":"Person","@id":"https:\/\/foto-shooting.ch\/blog\/#\/schema\/person\/623ccbc5b7a96dcaa77299a091324241","name":"Fotograf Peter Sturn","url":"https:\/\/foto-shooting.ch\/blog\/author\/psturn\/"}]}},"_links":{"self":[{"href":"https:\/\/foto-shooting.ch\/blog\/wp-json\/wp\/v2\/posts\/14391","targetHints":{"allow":["GET"]}}],"collection":[{"href":"https:\/\/foto-shooting.ch\/blog\/wp-json\/wp\/v2\/posts"}],"about":[{"href":"https:\/\/foto-shooting.ch\/blog\/wp-json\/wp\/v2\/types\/post"}],"author":[{"embeddable":true,"href":"https:\/\/foto-shooting.ch\/blog\/wp-json\/wp\/v2\/users\/4"}],"replies":[{"embeddable":true,"href":"https:\/\/foto-shooting.ch\/blog\/wp-json\/wp\/v2\/comments?post=14391"}],"version-history":[{"count":2,"href":"https:\/\/foto-shooting.ch\/blog\/wp-json\/wp\/v2\/posts\/14391\/revisions"}],"predecessor-version":[{"id":27219,"href":"https:\/\/foto-shooting.ch\/blog\/wp-json\/wp\/v2\/posts\/14391\/revisions\/27219"}],"wp:attachment":[{"href":"https:\/\/foto-shooting.ch\/blog\/wp-json\/wp\/v2\/media?parent=14391"}],"wp:term":[{"taxonomy":"category","embeddable":true,"href":"https:\/\/foto-shooting.ch\/blog\/wp-json\/wp\/v2\/categories?post=14391"},{"taxonomy":"post_tag","embeddable":true,"href":"https:\/\/foto-shooting.ch\/blog\/wp-json\/wp\/v2\/tags?post=14391"}],"curies":[{"name":"wp","href":"https:\/\/api.w.org\/{rel}","templated":true}]}}