{"id":23279,"date":"2019-07-12T10:00:36","date_gmt":"2019-07-12T08:00:36","guid":{"rendered":"https:\/\/foto-shooting.ch\/blog\/?p=23279"},"modified":"2026-04-24T16:13:15","modified_gmt":"2026-04-24T14:13:15","slug":"fotoshooting-mit-der-lieben-familie-eichmann-fotografin-fabienne","status":"publish","type":"post","link":"https:\/\/foto-shooting.ch\/blog\/fotoshooting-mit-der-lieben-familie-eichmann-fotografin-fabienne\/","title":{"rendered":"Fotoshooting mit der ganzen Familie &#8211; Fotografin Fabienne"},"content":{"rendered":"<p>Was f\u00fcr eine tolle Familie! Wir lieben Familien Fotos, auch immer sch\u00f6n wenn die Kinder sozusagen schon fl\u00fcgge sind. \ud83d\ude09<\/p>\n<p>Indoor und Outdoor Fotografie k\u00f6nnen wir nat\u00fcrlich immer mischen. So habt ihr gleich noch mehr Abwechslung bei euren Fotos!<\/p>\n<p><img loading=\"lazy\" decoding=\"async\" class=\"alignnone size-full wp-image-23281\" src=\"https:\/\/foto-shooting.ch\/blog\/wp-content\/uploads\/2019\/07\/Bild_0029_DSC_8827-Bearbeitet.jpg\" alt=\"\" width=\"1000\" height=\"465\" srcset=\"https:\/\/foto-shooting.ch\/blog\/wp-content\/uploads\/2019\/07\/Bild_0029_DSC_8827-Bearbeitet.jpg 1000w, https:\/\/foto-shooting.ch\/blog\/wp-content\/uploads\/2019\/07\/Bild_0029_DSC_8827-Bearbeitet-300x140.jpg 300w, https:\/\/foto-shooting.ch\/blog\/wp-content\/uploads\/2019\/07\/Bild_0029_DSC_8827-Bearbeitet-768x357.jpg 768w, https:\/\/foto-shooting.ch\/blog\/wp-content\/uploads\/2019\/07\/Bild_0029_DSC_8827-Bearbeitet-705x328.jpg 705w, https:\/\/foto-shooting.ch\/blog\/wp-content\/uploads\/2019\/07\/Bild_0029_DSC_8827-Bearbeitet-450x209.jpg 450w\" sizes=\"auto, (max-width: 1000px) 100vw, 1000px\" \/> <img loading=\"lazy\" decoding=\"async\" class=\"alignnone size-full wp-image-23282\" src=\"https:\/\/foto-shooting.ch\/blog\/wp-content\/uploads\/2019\/07\/Bild_0023_DSC_8815-Bearbeitet.jpg\" alt=\"\" width=\"1000\" height=\"671\" srcset=\"https:\/\/foto-shooting.ch\/blog\/wp-content\/uploads\/2019\/07\/Bild_0023_DSC_8815-Bearbeitet.jpg 1000w, https:\/\/foto-shooting.ch\/blog\/wp-content\/uploads\/2019\/07\/Bild_0023_DSC_8815-Bearbeitet-300x201.jpg 300w, https:\/\/foto-shooting.ch\/blog\/wp-content\/uploads\/2019\/07\/Bild_0023_DSC_8815-Bearbeitet-768x515.jpg 768w, https:\/\/foto-shooting.ch\/blog\/wp-content\/uploads\/2019\/07\/Bild_0023_DSC_8815-Bearbeitet-705x473.jpg 705w, https:\/\/foto-shooting.ch\/blog\/wp-content\/uploads\/2019\/07\/Bild_0023_DSC_8815-Bearbeitet-450x302.jpg 450w\" sizes=\"auto, (max-width: 1000px) 100vw, 1000px\" \/> <img loading=\"lazy\" decoding=\"async\" class=\"alignnone size-full wp-image-23283\" src=\"https:\/\/foto-shooting.ch\/blog\/wp-content\/uploads\/2019\/07\/Bild_0007_DSC_8793-Bearbeitet.jpg\" alt=\"\" width=\"1000\" height=\"339\" srcset=\"https:\/\/foto-shooting.ch\/blog\/wp-content\/uploads\/2019\/07\/Bild_0007_DSC_8793-Bearbeitet.jpg 1000w, https:\/\/foto-shooting.ch\/blog\/wp-content\/uploads\/2019\/07\/Bild_0007_DSC_8793-Bearbeitet-300x102.jpg 300w, https:\/\/foto-shooting.ch\/blog\/wp-content\/uploads\/2019\/07\/Bild_0007_DSC_8793-Bearbeitet-768x260.jpg 768w, https:\/\/foto-shooting.ch\/blog\/wp-content\/uploads\/2019\/07\/Bild_0007_DSC_8793-Bearbeitet-705x239.jpg 705w, https:\/\/foto-shooting.ch\/blog\/wp-content\/uploads\/2019\/07\/Bild_0007_DSC_8793-Bearbeitet-450x153.jpg 450w\" sizes=\"auto, (max-width: 1000px) 100vw, 1000px\" \/> <img loading=\"lazy\" decoding=\"async\" class=\"alignnone size-full wp-image-23284\" src=\"https:\/\/foto-shooting.ch\/blog\/wp-content\/uploads\/2019\/07\/Bild_0056_DSC_8891.jpg\" alt=\"\" width=\"1000\" height=\"671\" srcset=\"https:\/\/foto-shooting.ch\/blog\/wp-content\/uploads\/2019\/07\/Bild_0056_DSC_8891.jpg 1000w, https:\/\/foto-shooting.ch\/blog\/wp-content\/uploads\/2019\/07\/Bild_0056_DSC_8891-300x201.jpg 300w, https:\/\/foto-shooting.ch\/blog\/wp-content\/uploads\/2019\/07\/Bild_0056_DSC_8891-768x515.jpg 768w, https:\/\/foto-shooting.ch\/blog\/wp-content\/uploads\/2019\/07\/Bild_0056_DSC_8891-705x473.jpg 705w, https:\/\/foto-shooting.ch\/blog\/wp-content\/uploads\/2019\/07\/Bild_0056_DSC_8891-450x302.jpg 450w\" sizes=\"auto, (max-width: 1000px) 100vw, 1000px\" \/><img loading=\"lazy\" decoding=\"async\" class=\"alignnone size-full wp-image-23280\" src=\"https:\/\/foto-shooting.ch\/blog\/wp-content\/uploads\/2019\/07\/Bild_0071_DSC_8929-Bearbeitet.jpg\" alt=\"\" width=\"1000\" height=\"465\" srcset=\"https:\/\/foto-shooting.ch\/blog\/wp-content\/uploads\/2019\/07\/Bild_0071_DSC_8929-Bearbeitet.jpg 1000w, https:\/\/foto-shooting.ch\/blog\/wp-content\/uploads\/2019\/07\/Bild_0071_DSC_8929-Bearbeitet-300x140.jpg 300w, https:\/\/foto-shooting.ch\/blog\/wp-content\/uploads\/2019\/07\/Bild_0071_DSC_8929-Bearbeitet-768x357.jpg 768w, https:\/\/foto-shooting.ch\/blog\/wp-content\/uploads\/2019\/07\/Bild_0071_DSC_8929-Bearbeitet-705x328.jpg 705w, https:\/\/foto-shooting.ch\/blog\/wp-content\/uploads\/2019\/07\/Bild_0071_DSC_8929-Bearbeitet-450x209.jpg 450w\" sizes=\"auto, (max-width: 1000px) 100vw, 1000px\" \/><\/p>\n<p>Du m\u00f6chtest auch solche Familienfotos von euch! Dann informiere dich gleich <a href=\"https:\/\/foto-shooting.ch\/fotoshooting-kinderfotos-babyfotos-familienfotos\/\">hier<\/a>.<\/p>\n<p>&nbsp;<\/p>\n","protected":false},"excerpt":{"rendered":"<p>Was f\u00fcr eine tolle Familie! Wir lieben Familien Fotos, auch immer sch\u00f6n wenn die Kinder sozusagen schon fl\u00fcgge sind. \ud83d\ude09 Indoor und Outdoor Fotografie k\u00f6nnen wir nat\u00fcrlich immer mischen. So habt ihr gleich noch mehr Abwechslung bei euren Fotos! Du m\u00f6chtest auch solche Familienfotos von euch! Dann informiere dich gleich hier. &nbsp;<\/p>\n","protected":false},"author":4,"featured_media":23284,"comment_status":"open","ping_status":"open","sticky":false,"template":"","format":"standard","meta":{"footnotes":""},"categories":[664],"tags":[20,160,1024,56,106,841,611,238],"class_list":["post-23279","post","type-post","status-publish","format-standard","has-post-thumbnail","hentry","category-fotoshootings","tag-familie","tag-familienshooting","tag-family","tag-fotograf","tag-fotografie","tag-fotoshooting","tag-fotostudio-ostschweiz","tag-peoplefotografie"],"yoast_head":"<!-- This site is optimized with the Yoast SEO plugin v27.0 - https:\/\/yoast.com\/product\/yoast-seo-wordpress\/ -->\n<title>Fotoshooting mit der ganzen Familie - Fotografin Fabienne - Blog von Fotoshooting by Fotograf Peter Sturn Z\u00fcrich<\/title>\n<meta name=\"robots\" content=\"index, follow, max-snippet:-1, max-image-preview:large, max-video-preview:-1\" \/>\n<link rel=\"canonical\" href=\"https:\/\/foto-shooting.ch\/blog\/fotoshooting-mit-der-lieben-familie-eichmann-fotografin-fabienne\/\" \/>\n<meta property=\"og:locale\" content=\"de_DE\" \/>\n<meta property=\"og:type\" content=\"article\" \/>\n<meta property=\"og:title\" content=\"Fotoshooting mit der ganzen Familie - Fotografin Fabienne - Blog von Fotoshooting by Fotograf Peter Sturn Z\u00fcrich\" \/>\n<meta property=\"og:description\" content=\"Was f\u00fcr eine tolle Familie! Wir lieben Familien Fotos, auch immer sch\u00f6n wenn die Kinder sozusagen schon fl\u00fcgge sind. \ud83d\ude09 Indoor und Outdoor Fotografie k\u00f6nnen wir nat\u00fcrlich immer mischen. So habt ihr gleich noch mehr Abwechslung bei euren Fotos! Du m\u00f6chtest auch solche Familienfotos von euch! Dann informiere dich gleich hier. &nbsp;\" \/>\n<meta property=\"og:url\" content=\"https:\/\/foto-shooting.ch\/blog\/fotoshooting-mit-der-lieben-familie-eichmann-fotografin-fabienne\/\" \/>\n<meta property=\"og:site_name\" content=\"Blog von Fotoshooting by Fotograf Peter Sturn Z\u00fcrich\" \/>\n<meta property=\"article:publisher\" content=\"https:\/\/www.facebook.com\/fotoshooting.ch\" \/>\n<meta property=\"article:published_time\" content=\"2019-07-12T08:00:36+00:00\" \/>\n<meta property=\"article:modified_time\" content=\"2026-04-24T14:13:15+00:00\" \/>\n<meta property=\"og:image\" content=\"https:\/\/foto-shooting.ch\/blog\/wp-content\/uploads\/2019\/07\/Bild_0056_DSC_8891.jpg\" \/>\n\t<meta property=\"og:image:width\" content=\"1000\" \/>\n\t<meta property=\"og:image:height\" content=\"671\" \/>\n\t<meta property=\"og:image:type\" content=\"image\/jpeg\" \/>\n<meta name=\"author\" content=\"Fotograf Peter Sturn\" \/>\n<meta name=\"twitter:card\" content=\"summary_large_image\" \/>\n<meta name=\"twitter:label1\" content=\"Verfasst von\" \/>\n\t<meta name=\"twitter:data1\" content=\"Fotograf Peter Sturn\" \/>\n\t<meta name=\"twitter:label2\" content=\"Gesch\u00e4tzte Lesezeit\" \/>\n\t<meta name=\"twitter:data2\" content=\"2\u00a0Minuten\" \/>\n<script type=\"application\/ld+json\" class=\"yoast-schema-graph\">{\"@context\":\"https:\/\/schema.org\",\"@graph\":[{\"@type\":\"Article\",\"@id\":\"https:\/\/foto-shooting.ch\/blog\/fotoshooting-mit-der-lieben-familie-eichmann-fotografin-fabienne\/#article\",\"isPartOf\":{\"@id\":\"https:\/\/foto-shooting.ch\/blog\/fotoshooting-mit-der-lieben-familie-eichmann-fotografin-fabienne\/\"},\"author\":{\"name\":\"Fotograf Peter Sturn\",\"@id\":\"https:\/\/foto-shooting.ch\/blog\/#\/schema\/person\/623ccbc5b7a96dcaa77299a091324241\"},\"headline\":\"Fotoshooting mit der ganzen Familie &#8211; Fotografin Fabienne\",\"datePublished\":\"2019-07-12T08:00:36+00:00\",\"dateModified\":\"2026-04-24T14:13:15+00:00\",\"mainEntityOfPage\":{\"@id\":\"https:\/\/foto-shooting.ch\/blog\/fotoshooting-mit-der-lieben-familie-eichmann-fotografin-fabienne\/\"},\"wordCount\":66,\"commentCount\":0,\"publisher\":{\"@id\":\"https:\/\/foto-shooting.ch\/blog\/#organization\"},\"image\":{\"@id\":\"https:\/\/foto-shooting.ch\/blog\/fotoshooting-mit-der-lieben-familie-eichmann-fotografin-fabienne\/#primaryimage\"},\"thumbnailUrl\":\"https:\/\/foto-shooting.ch\/blog\/wp-content\/uploads\/2019\/07\/Bild_0056_DSC_8891.jpg\",\"keywords\":[\"Familie\",\"Familienshooting\",\"Family\",\"Fotograf\",\"Fotografie\",\"Fotos Peter\",\"Fotostudio Ostschweiz\",\"Peoplefotografie\"],\"articleSection\":[\"Fotoshooting Fotos\"],\"inLanguage\":\"de\",\"potentialAction\":[{\"@type\":\"CommentAction\",\"name\":\"Comment\",\"target\":[\"https:\/\/foto-shooting.ch\/blog\/fotoshooting-mit-der-lieben-familie-eichmann-fotografin-fabienne\/#respond\"]}]},{\"@type\":\"WebPage\",\"@id\":\"https:\/\/foto-shooting.ch\/blog\/fotoshooting-mit-der-lieben-familie-eichmann-fotografin-fabienne\/\",\"url\":\"https:\/\/foto-shooting.ch\/blog\/fotoshooting-mit-der-lieben-familie-eichmann-fotografin-fabienne\/\",\"name\":\"Fotoshooting mit der ganzen Familie - Fotografin Fabienne - Blog von Fotoshooting by Fotograf Peter Sturn Z\u00fcrich\",\"isPartOf\":{\"@id\":\"https:\/\/foto-shooting.ch\/blog\/#website\"},\"primaryImageOfPage\":{\"@id\":\"https:\/\/foto-shooting.ch\/blog\/fotoshooting-mit-der-lieben-familie-eichmann-fotografin-fabienne\/#primaryimage\"},\"image\":{\"@id\":\"https:\/\/foto-shooting.ch\/blog\/fotoshooting-mit-der-lieben-familie-eichmann-fotografin-fabienne\/#primaryimage\"},\"thumbnailUrl\":\"https:\/\/foto-shooting.ch\/blog\/wp-content\/uploads\/2019\/07\/Bild_0056_DSC_8891.jpg\",\"datePublished\":\"2019-07-12T08:00:36+00:00\",\"dateModified\":\"2026-04-24T14:13:15+00:00\",\"inLanguage\":\"de\",\"potentialAction\":[{\"@type\":\"ReadAction\",\"target\":[\"https:\/\/foto-shooting.ch\/blog\/fotoshooting-mit-der-lieben-familie-eichmann-fotografin-fabienne\/\"]}]},{\"@type\":\"ImageObject\",\"inLanguage\":\"de\",\"@id\":\"https:\/\/foto-shooting.ch\/blog\/fotoshooting-mit-der-lieben-familie-eichmann-fotografin-fabienne\/#primaryimage\",\"url\":\"https:\/\/foto-shooting.ch\/blog\/wp-content\/uploads\/2019\/07\/Bild_0056_DSC_8891.jpg\",\"contentUrl\":\"https:\/\/foto-shooting.ch\/blog\/wp-content\/uploads\/2019\/07\/Bild_0056_DSC_8891.jpg\",\"width\":1000,\"height\":671},{\"@type\":\"WebSite\",\"@id\":\"https:\/\/foto-shooting.ch\/blog\/#website\",\"url\":\"https:\/\/foto-shooting.ch\/blog\/\",\"name\":\"Blog von Fotoshooting by Fotograf Peter Sturn Z\u00fcrich\",\"description\":\"Fotoshooting mit Fotograf Peter Sturn. Professionelle Fotografie f\u00fcr die Schweiz\",\"publisher\":{\"@id\":\"https:\/\/foto-shooting.ch\/blog\/#organization\"},\"potentialAction\":[{\"@type\":\"SearchAction\",\"target\":{\"@type\":\"EntryPoint\",\"urlTemplate\":\"https:\/\/foto-shooting.ch\/blog\/?s={search_term_string}\"},\"query-input\":{\"@type\":\"PropertyValueSpecification\",\"valueRequired\":true,\"valueName\":\"search_term_string\"}}],\"inLanguage\":\"de\"},{\"@type\":\"Organization\",\"@id\":\"https:\/\/foto-shooting.ch\/blog\/#organization\",\"name\":\"Fotostudio Fotoshooting by Fotograf Peter Sturn\",\"url\":\"https:\/\/foto-shooting.ch\/blog\/\",\"logo\":{\"@type\":\"ImageObject\",\"inLanguage\":\"de\",\"@id\":\"https:\/\/foto-shooting.ch\/blog\/#\/schema\/logo\/image\/\",\"url\":\"https:\/\/foto-shooting.ch\/blog\/wp-content\/uploads\/2021\/11\/logo_fotoshooting_fin-1.jpg\",\"contentUrl\":\"https:\/\/foto-shooting.ch\/blog\/wp-content\/uploads\/2021\/11\/logo_fotoshooting_fin-1.jpg\",\"width\":1443,\"height\":296,\"caption\":\"Fotostudio Fotoshooting by Fotograf Peter Sturn\"},\"image\":{\"@id\":\"https:\/\/foto-shooting.ch\/blog\/#\/schema\/logo\/image\/\"},\"sameAs\":[\"https:\/\/www.facebook.com\/fotoshooting.ch\"]},{\"@type\":\"Person\",\"@id\":\"https:\/\/foto-shooting.ch\/blog\/#\/schema\/person\/623ccbc5b7a96dcaa77299a091324241\",\"name\":\"Fotograf Peter Sturn\",\"url\":\"https:\/\/foto-shooting.ch\/blog\/author\/psturn\/\"}]}<\/script>\n<!-- \/ Yoast SEO plugin. -->","yoast_head_json":{"title":"Fotoshooting mit der ganzen Familie - Fotografin Fabienne - Blog von Fotoshooting by Fotograf Peter Sturn Z\u00fcrich","robots":{"index":"index","follow":"follow","max-snippet":"max-snippet:-1","max-image-preview":"max-image-preview:large","max-video-preview":"max-video-preview:-1"},"canonical":"https:\/\/foto-shooting.ch\/blog\/fotoshooting-mit-der-lieben-familie-eichmann-fotografin-fabienne\/","og_locale":"de_DE","og_type":"article","og_title":"Fotoshooting mit der ganzen Familie - Fotografin Fabienne - Blog von Fotoshooting by Fotograf Peter Sturn Z\u00fcrich","og_description":"Was f\u00fcr eine tolle Familie! Wir lieben Familien Fotos, auch immer sch\u00f6n wenn die Kinder sozusagen schon fl\u00fcgge sind. \ud83d\ude09 Indoor und Outdoor Fotografie k\u00f6nnen wir nat\u00fcrlich immer mischen. So habt ihr gleich noch mehr Abwechslung bei euren Fotos! Du m\u00f6chtest auch solche Familienfotos von euch! Dann informiere dich gleich hier. &nbsp;","og_url":"https:\/\/foto-shooting.ch\/blog\/fotoshooting-mit-der-lieben-familie-eichmann-fotografin-fabienne\/","og_site_name":"Blog von Fotoshooting by Fotograf Peter Sturn Z\u00fcrich","article_publisher":"https:\/\/www.facebook.com\/fotoshooting.ch","article_published_time":"2019-07-12T08:00:36+00:00","article_modified_time":"2026-04-24T14:13:15+00:00","og_image":[{"width":1000,"height":671,"url":"https:\/\/foto-shooting.ch\/blog\/wp-content\/uploads\/2019\/07\/Bild_0056_DSC_8891.jpg","type":"image\/jpeg"}],"author":"Fotograf Peter Sturn","twitter_card":"summary_large_image","twitter_misc":{"Verfasst von":"Fotograf Peter Sturn","Gesch\u00e4tzte Lesezeit":"2\u00a0Minuten"},"schema":{"@context":"https:\/\/schema.org","@graph":[{"@type":"Article","@id":"https:\/\/foto-shooting.ch\/blog\/fotoshooting-mit-der-lieben-familie-eichmann-fotografin-fabienne\/#article","isPartOf":{"@id":"https:\/\/foto-shooting.ch\/blog\/fotoshooting-mit-der-lieben-familie-eichmann-fotografin-fabienne\/"},"author":{"name":"Fotograf Peter Sturn","@id":"https:\/\/foto-shooting.ch\/blog\/#\/schema\/person\/623ccbc5b7a96dcaa77299a091324241"},"headline":"Fotoshooting mit der ganzen Familie &#8211; Fotografin Fabienne","datePublished":"2019-07-12T08:00:36+00:00","dateModified":"2026-04-24T14:13:15+00:00","mainEntityOfPage":{"@id":"https:\/\/foto-shooting.ch\/blog\/fotoshooting-mit-der-lieben-familie-eichmann-fotografin-fabienne\/"},"wordCount":66,"commentCount":0,"publisher":{"@id":"https:\/\/foto-shooting.ch\/blog\/#organization"},"image":{"@id":"https:\/\/foto-shooting.ch\/blog\/fotoshooting-mit-der-lieben-familie-eichmann-fotografin-fabienne\/#primaryimage"},"thumbnailUrl":"https:\/\/foto-shooting.ch\/blog\/wp-content\/uploads\/2019\/07\/Bild_0056_DSC_8891.jpg","keywords":["Familie","Familienshooting","Family","Fotograf","Fotografie","Fotos Peter","Fotostudio Ostschweiz","Peoplefotografie"],"articleSection":["Fotoshooting Fotos"],"inLanguage":"de","potentialAction":[{"@type":"CommentAction","name":"Comment","target":["https:\/\/foto-shooting.ch\/blog\/fotoshooting-mit-der-lieben-familie-eichmann-fotografin-fabienne\/#respond"]}]},{"@type":"WebPage","@id":"https:\/\/foto-shooting.ch\/blog\/fotoshooting-mit-der-lieben-familie-eichmann-fotografin-fabienne\/","url":"https:\/\/foto-shooting.ch\/blog\/fotoshooting-mit-der-lieben-familie-eichmann-fotografin-fabienne\/","name":"Fotoshooting mit der ganzen Familie - Fotografin Fabienne - Blog von Fotoshooting by Fotograf Peter Sturn Z\u00fcrich","isPartOf":{"@id":"https:\/\/foto-shooting.ch\/blog\/#website"},"primaryImageOfPage":{"@id":"https:\/\/foto-shooting.ch\/blog\/fotoshooting-mit-der-lieben-familie-eichmann-fotografin-fabienne\/#primaryimage"},"image":{"@id":"https:\/\/foto-shooting.ch\/blog\/fotoshooting-mit-der-lieben-familie-eichmann-fotografin-fabienne\/#primaryimage"},"thumbnailUrl":"https:\/\/foto-shooting.ch\/blog\/wp-content\/uploads\/2019\/07\/Bild_0056_DSC_8891.jpg","datePublished":"2019-07-12T08:00:36+00:00","dateModified":"2026-04-24T14:13:15+00:00","inLanguage":"de","potentialAction":[{"@type":"ReadAction","target":["https:\/\/foto-shooting.ch\/blog\/fotoshooting-mit-der-lieben-familie-eichmann-fotografin-fabienne\/"]}]},{"@type":"ImageObject","inLanguage":"de","@id":"https:\/\/foto-shooting.ch\/blog\/fotoshooting-mit-der-lieben-familie-eichmann-fotografin-fabienne\/#primaryimage","url":"https:\/\/foto-shooting.ch\/blog\/wp-content\/uploads\/2019\/07\/Bild_0056_DSC_8891.jpg","contentUrl":"https:\/\/foto-shooting.ch\/blog\/wp-content\/uploads\/2019\/07\/Bild_0056_DSC_8891.jpg","width":1000,"height":671},{"@type":"WebSite","@id":"https:\/\/foto-shooting.ch\/blog\/#website","url":"https:\/\/foto-shooting.ch\/blog\/","name":"Blog von Fotoshooting by Fotograf Peter Sturn Z\u00fcrich","description":"Fotoshooting mit Fotograf Peter Sturn. Professionelle Fotografie f\u00fcr die Schweiz","publisher":{"@id":"https:\/\/foto-shooting.ch\/blog\/#organization"},"potentialAction":[{"@type":"SearchAction","target":{"@type":"EntryPoint","urlTemplate":"https:\/\/foto-shooting.ch\/blog\/?s={search_term_string}"},"query-input":{"@type":"PropertyValueSpecification","valueRequired":true,"valueName":"search_term_string"}}],"inLanguage":"de"},{"@type":"Organization","@id":"https:\/\/foto-shooting.ch\/blog\/#organization","name":"Fotostudio Fotoshooting by Fotograf Peter Sturn","url":"https:\/\/foto-shooting.ch\/blog\/","logo":{"@type":"ImageObject","inLanguage":"de","@id":"https:\/\/foto-shooting.ch\/blog\/#\/schema\/logo\/image\/","url":"https:\/\/foto-shooting.ch\/blog\/wp-content\/uploads\/2021\/11\/logo_fotoshooting_fin-1.jpg","contentUrl":"https:\/\/foto-shooting.ch\/blog\/wp-content\/uploads\/2021\/11\/logo_fotoshooting_fin-1.jpg","width":1443,"height":296,"caption":"Fotostudio Fotoshooting by Fotograf Peter Sturn"},"image":{"@id":"https:\/\/foto-shooting.ch\/blog\/#\/schema\/logo\/image\/"},"sameAs":["https:\/\/www.facebook.com\/fotoshooting.ch"]},{"@type":"Person","@id":"https:\/\/foto-shooting.ch\/blog\/#\/schema\/person\/623ccbc5b7a96dcaa77299a091324241","name":"Fotograf Peter Sturn","url":"https:\/\/foto-shooting.ch\/blog\/author\/psturn\/"}]}},"_links":{"self":[{"href":"https:\/\/foto-shooting.ch\/blog\/wp-json\/wp\/v2\/posts\/23279","targetHints":{"allow":["GET"]}}],"collection":[{"href":"https:\/\/foto-shooting.ch\/blog\/wp-json\/wp\/v2\/posts"}],"about":[{"href":"https:\/\/foto-shooting.ch\/blog\/wp-json\/wp\/v2\/types\/post"}],"author":[{"embeddable":true,"href":"https:\/\/foto-shooting.ch\/blog\/wp-json\/wp\/v2\/users\/4"}],"replies":[{"embeddable":true,"href":"https:\/\/foto-shooting.ch\/blog\/wp-json\/wp\/v2\/comments?post=23279"}],"version-history":[{"count":3,"href":"https:\/\/foto-shooting.ch\/blog\/wp-json\/wp\/v2\/posts\/23279\/revisions"}],"predecessor-version":[{"id":27761,"href":"https:\/\/foto-shooting.ch\/blog\/wp-json\/wp\/v2\/posts\/23279\/revisions\/27761"}],"wp:featuredmedia":[{"embeddable":true,"href":"https:\/\/foto-shooting.ch\/blog\/wp-json\/wp\/v2\/media\/23284"}],"wp:attachment":[{"href":"https:\/\/foto-shooting.ch\/blog\/wp-json\/wp\/v2\/media?parent=23279"}],"wp:term":[{"taxonomy":"category","embeddable":true,"href":"https:\/\/foto-shooting.ch\/blog\/wp-json\/wp\/v2\/categories?post=23279"},{"taxonomy":"post_tag","embeddable":true,"href":"https:\/\/foto-shooting.ch\/blog\/wp-json\/wp\/v2\/tags?post=23279"}],"curies":[{"name":"wp","href":"https:\/\/api.w.org\/{rel}","templated":true}]}}