{"id":525,"date":"2009-09-22T21:23:47","date_gmt":"2009-09-22T19:23:47","guid":{"rendered":"https:\/\/www.foto-shooting.ch\/blog\/?p=525"},"modified":"2009-09-22T21:23:47","modified_gmt":"2009-09-22T19:23:47","slug":"fotoshooting-mit-natali","status":"publish","type":"post","link":"https:\/\/foto-shooting.ch\/blog\/fotoshooting-mit-natali\/","title":{"rendered":"Fotoshooting mit Natali"},"content":{"rendered":"<p>Das <a href=\"http:\/\/www.foto-shooting.ch\">Fotoshooting<\/a> mit <strong>Natali<\/strong> fand im sch\u00f6nen <strong>Tessin<\/strong> statt. Wir, das heisst die Visagistin Rosi und ich als <strong>Fotograf<\/strong> buchten eine Villa um dort Kunden- und Modelshootings durchzuf\u00fchren. Ich werde also in den kommenden Ausgaben einige Bilder von dieser Woche pr\u00e4sentieren k\u00f6nnen. <strong>Und als kleine Vorfreude &#8211; Wir werden n\u00e4chstes Jahr wieder eine Woche im sch\u00f6nen Tessin shooten.<\/strong><\/p>\n<p style=\"text-align: center;\"><img loading=\"lazy\" decoding=\"async\" class=\"aligncenter size-full wp-image-526\" title=\"Babyfotograf Kinderfotograf (3 von 6)\" src=\"https:\/\/www.foto-shooting.ch\/blog\/wp-content\/uploads\/2009\/09\/Babyfotograf-Kinderfotograf-3-von-6.jpg\" alt=\"Babyfotograf Kinderfotograf (3 von 6)\" width=\"700\" height=\"467\" srcset=\"https:\/\/foto-shooting.ch\/blog\/wp-content\/uploads\/2009\/09\/Babyfotograf-Kinderfotograf-3-von-6.jpg 700w, https:\/\/foto-shooting.ch\/blog\/wp-content\/uploads\/2009\/09\/Babyfotograf-Kinderfotograf-3-von-6-300x200.jpg 300w\" sizes=\"auto, (max-width: 700px) 100vw, 700px\" \/><img loading=\"lazy\" decoding=\"async\" class=\"aligncenter size-full wp-image-527\" title=\"Babyfotograf Kinderfotograf (1 von 6)\" src=\"https:\/\/www.foto-shooting.ch\/blog\/wp-content\/uploads\/2009\/09\/Babyfotograf-Kinderfotograf-1-von-6.jpg\" alt=\"Babyfotograf Kinderfotograf (1 von 6)\" width=\"700\" height=\"467\" srcset=\"https:\/\/foto-shooting.ch\/blog\/wp-content\/uploads\/2009\/09\/Babyfotograf-Kinderfotograf-1-von-6.jpg 700w, https:\/\/foto-shooting.ch\/blog\/wp-content\/uploads\/2009\/09\/Babyfotograf-Kinderfotograf-1-von-6-300x200.jpg 300w\" sizes=\"auto, (max-width: 700px) 100vw, 700px\" \/><img loading=\"lazy\" decoding=\"async\" class=\"aligncenter size-full wp-image-528\" title=\"Babyfotograf Kinderfotograf (2 von 6)\" src=\"https:\/\/www.foto-shooting.ch\/blog\/wp-content\/uploads\/2009\/09\/Babyfotograf-Kinderfotograf-2-von-6.jpg\" alt=\"Babyfotograf Kinderfotograf (2 von 6)\" width=\"700\" height=\"467\" srcset=\"https:\/\/foto-shooting.ch\/blog\/wp-content\/uploads\/2009\/09\/Babyfotograf-Kinderfotograf-2-von-6.jpg 700w, https:\/\/foto-shooting.ch\/blog\/wp-content\/uploads\/2009\/09\/Babyfotograf-Kinderfotograf-2-von-6-300x200.jpg 300w\" sizes=\"auto, (max-width: 700px) 100vw, 700px\" \/><img loading=\"lazy\" decoding=\"async\" class=\"aligncenter size-full wp-image-529\" title=\"Babyfotograf Kinderfotograf (4 von 6)\" src=\"https:\/\/www.foto-shooting.ch\/blog\/wp-content\/uploads\/2009\/09\/Babyfotograf-Kinderfotograf-4-von-6.jpg\" alt=\"Babyfotograf Kinderfotograf (4 von 6)\" width=\"700\" height=\"467\" srcset=\"https:\/\/foto-shooting.ch\/blog\/wp-content\/uploads\/2009\/09\/Babyfotograf-Kinderfotograf-4-von-6.jpg 700w, https:\/\/foto-shooting.ch\/blog\/wp-content\/uploads\/2009\/09\/Babyfotograf-Kinderfotograf-4-von-6-300x200.jpg 300w\" sizes=\"auto, (max-width: 700px) 100vw, 700px\" \/><img loading=\"lazy\" decoding=\"async\" class=\"aligncenter size-full wp-image-530\" title=\"Babyfotograf Kinderfotograf (5 von 6)\" src=\"https:\/\/www.foto-shooting.ch\/blog\/wp-content\/uploads\/2009\/09\/Babyfotograf-Kinderfotograf-5-von-6.jpg\" alt=\"Babyfotograf Kinderfotograf (5 von 6)\" width=\"700\" height=\"467\" srcset=\"https:\/\/foto-shooting.ch\/blog\/wp-content\/uploads\/2009\/09\/Babyfotograf-Kinderfotograf-5-von-6.jpg 700w, https:\/\/foto-shooting.ch\/blog\/wp-content\/uploads\/2009\/09\/Babyfotograf-Kinderfotograf-5-von-6-300x200.jpg 300w\" sizes=\"auto, (max-width: 700px) 100vw, 700px\" \/><img loading=\"lazy\" decoding=\"async\" class=\"aligncenter size-full wp-image-531\" title=\"Babyfotograf Kinderfotograf (6 von 6)\" src=\"https:\/\/www.foto-shooting.ch\/blog\/wp-content\/uploads\/2009\/09\/Babyfotograf-Kinderfotograf-6-von-6.jpg\" alt=\"Babyfotograf Kinderfotograf (6 von 6)\" width=\"700\" height=\"467\" srcset=\"https:\/\/foto-shooting.ch\/blog\/wp-content\/uploads\/2009\/09\/Babyfotograf-Kinderfotograf-6-von-6.jpg 700w, https:\/\/foto-shooting.ch\/blog\/wp-content\/uploads\/2009\/09\/Babyfotograf-Kinderfotograf-6-von-6-300x200.jpg 300w\" sizes=\"auto, (max-width: 700px) 100vw, 700px\" \/><\/p>\n<div style=\"width: 710px\" class=\"wp-caption aligncenter\"><img loading=\"lazy\" decoding=\"async\" style=\"padding: 0px; margin: 0px; border: 0px none initial;\" title=\"profifotograf z\u00fcrich\" src=\"https:\/\/www.foto-shooting.ch\/blog\/wp-content\/uploads\/2009\/09\/profifotograf-z\u00fcrich.jpg\" alt=\"profifotograf z\u00fcrich\" width=\"700\" height=\"467\" \/><p class=\"wp-caption-text\">Fotoshooting f\u00fcr Personen aus Z\u00fcrich, Winterthur, Ostschweiz, Luzern, Bern, Basel, Chur, etc.<\/p><\/div>\n","protected":false},"excerpt":{"rendered":"<p>Das Fotoshooting mit Natali fand im sch\u00f6nen Tessin statt. Wir, das heisst die Visagistin Rosi und ich als Fotograf buchten eine Villa um dort Kunden- und Modelshootings durchzuf\u00fchren. Ich werde also in den kommenden Ausgaben einige Bilder von dieser Woche pr\u00e4sentieren k\u00f6nnen. Und als kleine Vorfreude &#8211; Wir werden n\u00e4chstes Jahr wieder eine Woche im [&hellip;]<\/p>\n","protected":false},"author":4,"featured_media":0,"comment_status":"open","ping_status":"open","sticky":false,"template":"","format":"standard","meta":{"footnotes":""},"categories":[211],"tags":[76],"class_list":["post-525","post","type-post","status-publish","format-standard","hentry","category-diverses","tag-fotoshooting-tessin"],"yoast_head":"<!-- This site is optimized with the Yoast SEO plugin v27.0 - https:\/\/yoast.com\/product\/yoast-seo-wordpress\/ -->\n<title>Fotoshooting mit Natali - Blog von Fotoshooting by Fotograf Peter Sturn Z\u00fcrich<\/title>\n<meta name=\"robots\" content=\"index, follow, max-snippet:-1, max-image-preview:large, max-video-preview:-1\" \/>\n<link rel=\"canonical\" href=\"https:\/\/foto-shooting.ch\/blog\/fotoshooting-mit-natali\/\" \/>\n<meta property=\"og:locale\" content=\"de_DE\" \/>\n<meta property=\"og:type\" content=\"article\" \/>\n<meta property=\"og:title\" content=\"Fotoshooting mit Natali - Blog von Fotoshooting by Fotograf Peter Sturn Z\u00fcrich\" \/>\n<meta property=\"og:description\" content=\"Das Fotoshooting mit Natali fand im sch\u00f6nen Tessin statt. Wir, das heisst die Visagistin Rosi und ich als Fotograf buchten eine Villa um dort Kunden- und Modelshootings durchzuf\u00fchren. Ich werde also in den kommenden Ausgaben einige Bilder von dieser Woche pr\u00e4sentieren k\u00f6nnen. Und als kleine Vorfreude &#8211; Wir werden n\u00e4chstes Jahr wieder eine Woche im [&hellip;]\" \/>\n<meta property=\"og:url\" content=\"https:\/\/foto-shooting.ch\/blog\/fotoshooting-mit-natali\/\" \/>\n<meta property=\"og:site_name\" content=\"Blog von Fotoshooting by Fotograf Peter Sturn Z\u00fcrich\" \/>\n<meta property=\"article:publisher\" content=\"https:\/\/www.facebook.com\/fotoshooting.ch\" \/>\n<meta property=\"article:published_time\" content=\"2009-09-22T19:23:47+00:00\" \/>\n<meta property=\"og:image\" content=\"https:\/\/www.foto-shooting.ch\/blog\/wp-content\/uploads\/2009\/09\/Babyfotograf-Kinderfotograf-3-von-6.jpg\" \/>\n<meta name=\"author\" content=\"Fotograf Peter Sturn\" \/>\n<meta name=\"twitter:card\" content=\"summary_large_image\" \/>\n<meta name=\"twitter:label1\" content=\"Verfasst von\" \/>\n\t<meta name=\"twitter:data1\" content=\"Fotograf Peter Sturn\" \/>\n<script type=\"application\/ld+json\" class=\"yoast-schema-graph\">{\"@context\":\"https:\/\/schema.org\",\"@graph\":[{\"@type\":\"Article\",\"@id\":\"https:\/\/foto-shooting.ch\/blog\/fotoshooting-mit-natali\/#article\",\"isPartOf\":{\"@id\":\"https:\/\/foto-shooting.ch\/blog\/fotoshooting-mit-natali\/\"},\"author\":{\"name\":\"Fotograf Peter Sturn\",\"@id\":\"https:\/\/foto-shooting.ch\/blog\/#\/schema\/person\/623ccbc5b7a96dcaa77299a091324241\"},\"headline\":\"Fotoshooting mit Natali\",\"datePublished\":\"2009-09-22T19:23:47+00:00\",\"mainEntityOfPage\":{\"@id\":\"https:\/\/foto-shooting.ch\/blog\/fotoshooting-mit-natali\/\"},\"wordCount\":88,\"commentCount\":1,\"publisher\":{\"@id\":\"https:\/\/foto-shooting.ch\/blog\/#organization\"},\"image\":{\"@id\":\"https:\/\/foto-shooting.ch\/blog\/fotoshooting-mit-natali\/#primaryimage\"},\"thumbnailUrl\":\"https:\/\/www.foto-shooting.ch\/blog\/wp-content\/uploads\/2009\/09\/Babyfotograf-Kinderfotograf-3-von-6.jpg\",\"keywords\":[\"Fotoshooting Tessin\"],\"articleSection\":[\"Diverses\"],\"inLanguage\":\"de\",\"potentialAction\":[{\"@type\":\"CommentAction\",\"name\":\"Comment\",\"target\":[\"https:\/\/foto-shooting.ch\/blog\/fotoshooting-mit-natali\/#respond\"]}]},{\"@type\":\"WebPage\",\"@id\":\"https:\/\/foto-shooting.ch\/blog\/fotoshooting-mit-natali\/\",\"url\":\"https:\/\/foto-shooting.ch\/blog\/fotoshooting-mit-natali\/\",\"name\":\"Fotoshooting mit Natali - Blog von Fotoshooting by Fotograf Peter Sturn Z\u00fcrich\",\"isPartOf\":{\"@id\":\"https:\/\/foto-shooting.ch\/blog\/#website\"},\"primaryImageOfPage\":{\"@id\":\"https:\/\/foto-shooting.ch\/blog\/fotoshooting-mit-natali\/#primaryimage\"},\"image\":{\"@id\":\"https:\/\/foto-shooting.ch\/blog\/fotoshooting-mit-natali\/#primaryimage\"},\"thumbnailUrl\":\"https:\/\/www.foto-shooting.ch\/blog\/wp-content\/uploads\/2009\/09\/Babyfotograf-Kinderfotograf-3-von-6.jpg\",\"datePublished\":\"2009-09-22T19:23:47+00:00\",\"inLanguage\":\"de\",\"potentialAction\":[{\"@type\":\"ReadAction\",\"target\":[\"https:\/\/foto-shooting.ch\/blog\/fotoshooting-mit-natali\/\"]}]},{\"@type\":\"ImageObject\",\"inLanguage\":\"de\",\"@id\":\"https:\/\/foto-shooting.ch\/blog\/fotoshooting-mit-natali\/#primaryimage\",\"url\":\"https:\/\/www.foto-shooting.ch\/blog\/wp-content\/uploads\/2009\/09\/Babyfotograf-Kinderfotograf-3-von-6.jpg\",\"contentUrl\":\"https:\/\/www.foto-shooting.ch\/blog\/wp-content\/uploads\/2009\/09\/Babyfotograf-Kinderfotograf-3-von-6.jpg\"},{\"@type\":\"WebSite\",\"@id\":\"https:\/\/foto-shooting.ch\/blog\/#website\",\"url\":\"https:\/\/foto-shooting.ch\/blog\/\",\"name\":\"Blog von Fotoshooting by Fotograf Peter Sturn Z\u00fcrich\",\"description\":\"Fotoshooting mit Fotograf Peter Sturn. Professionelle Fotografie f\u00fcr die Schweiz\",\"publisher\":{\"@id\":\"https:\/\/foto-shooting.ch\/blog\/#organization\"},\"potentialAction\":[{\"@type\":\"SearchAction\",\"target\":{\"@type\":\"EntryPoint\",\"urlTemplate\":\"https:\/\/foto-shooting.ch\/blog\/?s={search_term_string}\"},\"query-input\":{\"@type\":\"PropertyValueSpecification\",\"valueRequired\":true,\"valueName\":\"search_term_string\"}}],\"inLanguage\":\"de\"},{\"@type\":\"Organization\",\"@id\":\"https:\/\/foto-shooting.ch\/blog\/#organization\",\"name\":\"Fotostudio Fotoshooting by Fotograf Peter Sturn\",\"url\":\"https:\/\/foto-shooting.ch\/blog\/\",\"logo\":{\"@type\":\"ImageObject\",\"inLanguage\":\"de\",\"@id\":\"https:\/\/foto-shooting.ch\/blog\/#\/schema\/logo\/image\/\",\"url\":\"https:\/\/foto-shooting.ch\/blog\/wp-content\/uploads\/2021\/11\/logo_fotoshooting_fin-1.jpg\",\"contentUrl\":\"https:\/\/foto-shooting.ch\/blog\/wp-content\/uploads\/2021\/11\/logo_fotoshooting_fin-1.jpg\",\"width\":1443,\"height\":296,\"caption\":\"Fotostudio Fotoshooting by Fotograf Peter Sturn\"},\"image\":{\"@id\":\"https:\/\/foto-shooting.ch\/blog\/#\/schema\/logo\/image\/\"},\"sameAs\":[\"https:\/\/www.facebook.com\/fotoshooting.ch\"]},{\"@type\":\"Person\",\"@id\":\"https:\/\/foto-shooting.ch\/blog\/#\/schema\/person\/623ccbc5b7a96dcaa77299a091324241\",\"name\":\"Fotograf Peter Sturn\",\"url\":\"https:\/\/foto-shooting.ch\/blog\/author\/psturn\/\"}]}<\/script>\n<!-- \/ Yoast SEO plugin. -->","yoast_head_json":{"title":"Fotoshooting mit Natali - Blog von Fotoshooting by Fotograf Peter Sturn Z\u00fcrich","robots":{"index":"index","follow":"follow","max-snippet":"max-snippet:-1","max-image-preview":"max-image-preview:large","max-video-preview":"max-video-preview:-1"},"canonical":"https:\/\/foto-shooting.ch\/blog\/fotoshooting-mit-natali\/","og_locale":"de_DE","og_type":"article","og_title":"Fotoshooting mit Natali - Blog von Fotoshooting by Fotograf Peter Sturn Z\u00fcrich","og_description":"Das Fotoshooting mit Natali fand im sch\u00f6nen Tessin statt. Wir, das heisst die Visagistin Rosi und ich als Fotograf buchten eine Villa um dort Kunden- und Modelshootings durchzuf\u00fchren. Ich werde also in den kommenden Ausgaben einige Bilder von dieser Woche pr\u00e4sentieren k\u00f6nnen. Und als kleine Vorfreude &#8211; Wir werden n\u00e4chstes Jahr wieder eine Woche im [&hellip;]","og_url":"https:\/\/foto-shooting.ch\/blog\/fotoshooting-mit-natali\/","og_site_name":"Blog von Fotoshooting by Fotograf Peter Sturn Z\u00fcrich","article_publisher":"https:\/\/www.facebook.com\/fotoshooting.ch","article_published_time":"2009-09-22T19:23:47+00:00","og_image":[{"url":"https:\/\/www.foto-shooting.ch\/blog\/wp-content\/uploads\/2009\/09\/Babyfotograf-Kinderfotograf-3-von-6.jpg","type":"","width":"","height":""}],"author":"Fotograf Peter Sturn","twitter_card":"summary_large_image","twitter_misc":{"Verfasst von":"Fotograf Peter Sturn"},"schema":{"@context":"https:\/\/schema.org","@graph":[{"@type":"Article","@id":"https:\/\/foto-shooting.ch\/blog\/fotoshooting-mit-natali\/#article","isPartOf":{"@id":"https:\/\/foto-shooting.ch\/blog\/fotoshooting-mit-natali\/"},"author":{"name":"Fotograf Peter Sturn","@id":"https:\/\/foto-shooting.ch\/blog\/#\/schema\/person\/623ccbc5b7a96dcaa77299a091324241"},"headline":"Fotoshooting mit Natali","datePublished":"2009-09-22T19:23:47+00:00","mainEntityOfPage":{"@id":"https:\/\/foto-shooting.ch\/blog\/fotoshooting-mit-natali\/"},"wordCount":88,"commentCount":1,"publisher":{"@id":"https:\/\/foto-shooting.ch\/blog\/#organization"},"image":{"@id":"https:\/\/foto-shooting.ch\/blog\/fotoshooting-mit-natali\/#primaryimage"},"thumbnailUrl":"https:\/\/www.foto-shooting.ch\/blog\/wp-content\/uploads\/2009\/09\/Babyfotograf-Kinderfotograf-3-von-6.jpg","keywords":["Fotoshooting Tessin"],"articleSection":["Diverses"],"inLanguage":"de","potentialAction":[{"@type":"CommentAction","name":"Comment","target":["https:\/\/foto-shooting.ch\/blog\/fotoshooting-mit-natali\/#respond"]}]},{"@type":"WebPage","@id":"https:\/\/foto-shooting.ch\/blog\/fotoshooting-mit-natali\/","url":"https:\/\/foto-shooting.ch\/blog\/fotoshooting-mit-natali\/","name":"Fotoshooting mit Natali - Blog von Fotoshooting by Fotograf Peter Sturn Z\u00fcrich","isPartOf":{"@id":"https:\/\/foto-shooting.ch\/blog\/#website"},"primaryImageOfPage":{"@id":"https:\/\/foto-shooting.ch\/blog\/fotoshooting-mit-natali\/#primaryimage"},"image":{"@id":"https:\/\/foto-shooting.ch\/blog\/fotoshooting-mit-natali\/#primaryimage"},"thumbnailUrl":"https:\/\/www.foto-shooting.ch\/blog\/wp-content\/uploads\/2009\/09\/Babyfotograf-Kinderfotograf-3-von-6.jpg","datePublished":"2009-09-22T19:23:47+00:00","inLanguage":"de","potentialAction":[{"@type":"ReadAction","target":["https:\/\/foto-shooting.ch\/blog\/fotoshooting-mit-natali\/"]}]},{"@type":"ImageObject","inLanguage":"de","@id":"https:\/\/foto-shooting.ch\/blog\/fotoshooting-mit-natali\/#primaryimage","url":"https:\/\/www.foto-shooting.ch\/blog\/wp-content\/uploads\/2009\/09\/Babyfotograf-Kinderfotograf-3-von-6.jpg","contentUrl":"https:\/\/www.foto-shooting.ch\/blog\/wp-content\/uploads\/2009\/09\/Babyfotograf-Kinderfotograf-3-von-6.jpg"},{"@type":"WebSite","@id":"https:\/\/foto-shooting.ch\/blog\/#website","url":"https:\/\/foto-shooting.ch\/blog\/","name":"Blog von Fotoshooting by Fotograf Peter Sturn Z\u00fcrich","description":"Fotoshooting mit Fotograf Peter Sturn. Professionelle Fotografie f\u00fcr die Schweiz","publisher":{"@id":"https:\/\/foto-shooting.ch\/blog\/#organization"},"potentialAction":[{"@type":"SearchAction","target":{"@type":"EntryPoint","urlTemplate":"https:\/\/foto-shooting.ch\/blog\/?s={search_term_string}"},"query-input":{"@type":"PropertyValueSpecification","valueRequired":true,"valueName":"search_term_string"}}],"inLanguage":"de"},{"@type":"Organization","@id":"https:\/\/foto-shooting.ch\/blog\/#organization","name":"Fotostudio Fotoshooting by Fotograf Peter Sturn","url":"https:\/\/foto-shooting.ch\/blog\/","logo":{"@type":"ImageObject","inLanguage":"de","@id":"https:\/\/foto-shooting.ch\/blog\/#\/schema\/logo\/image\/","url":"https:\/\/foto-shooting.ch\/blog\/wp-content\/uploads\/2021\/11\/logo_fotoshooting_fin-1.jpg","contentUrl":"https:\/\/foto-shooting.ch\/blog\/wp-content\/uploads\/2021\/11\/logo_fotoshooting_fin-1.jpg","width":1443,"height":296,"caption":"Fotostudio Fotoshooting by Fotograf Peter Sturn"},"image":{"@id":"https:\/\/foto-shooting.ch\/blog\/#\/schema\/logo\/image\/"},"sameAs":["https:\/\/www.facebook.com\/fotoshooting.ch"]},{"@type":"Person","@id":"https:\/\/foto-shooting.ch\/blog\/#\/schema\/person\/623ccbc5b7a96dcaa77299a091324241","name":"Fotograf Peter Sturn","url":"https:\/\/foto-shooting.ch\/blog\/author\/psturn\/"}]}},"_links":{"self":[{"href":"https:\/\/foto-shooting.ch\/blog\/wp-json\/wp\/v2\/posts\/525","targetHints":{"allow":["GET"]}}],"collection":[{"href":"https:\/\/foto-shooting.ch\/blog\/wp-json\/wp\/v2\/posts"}],"about":[{"href":"https:\/\/foto-shooting.ch\/blog\/wp-json\/wp\/v2\/types\/post"}],"author":[{"embeddable":true,"href":"https:\/\/foto-shooting.ch\/blog\/wp-json\/wp\/v2\/users\/4"}],"replies":[{"embeddable":true,"href":"https:\/\/foto-shooting.ch\/blog\/wp-json\/wp\/v2\/comments?post=525"}],"version-history":[{"count":1,"href":"https:\/\/foto-shooting.ch\/blog\/wp-json\/wp\/v2\/posts\/525\/revisions"}],"predecessor-version":[{"id":25412,"href":"https:\/\/foto-shooting.ch\/blog\/wp-json\/wp\/v2\/posts\/525\/revisions\/25412"}],"wp:attachment":[{"href":"https:\/\/foto-shooting.ch\/blog\/wp-json\/wp\/v2\/media?parent=525"}],"wp:term":[{"taxonomy":"category","embeddable":true,"href":"https:\/\/foto-shooting.ch\/blog\/wp-json\/wp\/v2\/categories?post=525"},{"taxonomy":"post_tag","embeddable":true,"href":"https:\/\/foto-shooting.ch\/blog\/wp-json\/wp\/v2\/tags?post=525"}],"curies":[{"name":"wp","href":"https:\/\/api.w.org\/{rel}","templated":true}]}}